{"id":1347,"date":"2026-08-31T20:17:25","date_gmt":"2026-08-31T18:17:25","guid":{"rendered":"https:\/\/www.hegeringcalenberg.de\/?p=1347"},"modified":"2026-08-31T20:17:25","modified_gmt":"2026-08-31T18:17:25","slug":"kraehen-und-taubentag-im-calenberger-land","status":"publish","type":"post","link":"https:\/\/www.hegeringcalenberg.de\/?p=1347","title":{"rendered":"Kr\u00e4hen und Taubentag im Calenberger Land"},"content":{"rendered":"<p>Am 22. August 2026 f\u00fchrte der Hegering Calenberg wie in den Vorjahren seinen traditionellen Kr\u00e4hen- und Taubentag durch. Ziel der gemeinschaftlichen Jagd war, Sch\u00e4den in der Landwirtschaft zu begrenzen und gleichzeitig einen Beitrag zur Hege des heimischen Niederwildes zu leisten. Besonders die Ringeltaube verursacht im Gem\u00fcseanbau erhebliche Fra\u00dfsch\u00e4den, die zu erheblichen Ertragseinbu\u00dfen f\u00fchren. Ein weiterer Schwerpunkt lag auf der Bejagung der Rabenkr\u00e4he. Als Nestr\u00e4uber und Beutegreifer stellt sie insbesondere f\u00fcr Bodenbr\u00fcter und das Niederwild eine Belastung dar und ist somit ein wichtiger Bestandteil der Niederwildhege. Zehn Reviere haben sich in diesem Jahr an der gemeinsamen Aktion beteiligt. Ein besonderer Dank gilt wieder einmal den Revierinhabern, die den revierlosen J\u00e4gerinnen und J\u00e4gern die M\u00f6glichkeit er\u00f6ffneten, an der Gemeinschaftsjagd teilzunehmen.<\/p>\n<p>Die zust\u00e4ndigen Polizeireviere wurden im Vorfeld \u00fcber die geplanten jagdlichen Aktivit\u00e4ten informiert. Die fr\u00fchzeitige Abstimmung trug damit zu einem reibungslosen Ablauf der Jagd bei. Nach Abschluss des Jagdtages trafen sich die Teilnehmer zu einem gemeinsamen<\/p>\n<p>Grillabend bei Hegeringleiter Bernward Wagner, um den Tag in geselliger Runde ausklingen zu lassen. Die Strecke von 170 Ringeltauben und 32 Rabenkr\u00e4hen wurde dabei nach guter waidm\u00e4nnischer Tradition mit dem Jagdhorn verblasen.<\/p>\n<p><img loading=\"lazy\" decoding=\"async\" class=\"size-large wp-image-1345 aligncenter\" src=\"https:\/\/www.hegeringcalenberg.de\/wp-content\/uploads\/2026\/08\/Jagd-vorbei-und-Verblasen-der-Strecke-nach-waidmaennischer-Tradition-1024x771.jpg\" alt=\"\" width=\"800\" height=\"602\" srcset=\"https:\/\/www.hegeringcalenberg.de\/wp-content\/uploads\/2026\/08\/Jagd-vorbei-und-Verblasen-der-Strecke-nach-waidmaennischer-Tradition-1024x771.jpg 1024w, https:\/\/www.hegeringcalenberg.de\/wp-content\/uploads\/2026\/08\/Jagd-vorbei-und-Verblasen-der-Strecke-nach-waidmaennischer-Tradition-300x226.jpg 300w, https:\/\/www.hegeringcalenberg.de\/wp-content\/uploads\/2026\/08\/Jagd-vorbei-und-Verblasen-der-Strecke-nach-waidmaennischer-Tradition-768x578.jpg 768w, https:\/\/www.hegeringcalenberg.de\/wp-content\/uploads\/2026\/08\/Jagd-vorbei-und-Verblasen-der-Strecke-nach-waidmaennischer-Tradition-1536x1157.jpg 1536w, https:\/\/www.hegeringcalenberg.de\/wp-content\/uploads\/2026\/08\/Jagd-vorbei-und-Verblasen-der-Strecke-nach-waidmaennischer-Tradition-2048x1542.jpg 2048w\" sizes=\"auto, (max-width: 800px) 100vw, 800px\" \/><\/p>\n<p>Wagner zeigte sich am Ende des Tages zufrieden. Einmal mehr hat sich gezeigt, dass gemeinschaftliche Jagd, gelebte Revierverantwortung und eine enge Abstimmung mit den zust\u00e4ndigen Beh\u00f6rden wichtige Bestandteile einer verantwortungsvollen Niederwildhege sind.<\/p>\n<p>&nbsp;<\/p>\n<p>&nbsp;<\/p>\n<p>Dieter Schmidt<\/p>\n","protected":false},"excerpt":{"rendered":"<p>Am 22. August 2026 f\u00fchrte der Hegering Calenberg wie in den Vorjahren seinen traditionellen Kr\u00e4hen- und Taubentag durch. Ziel der gemeinschaftlichen Jagd war, Sch\u00e4den in der Landwirtschaft zu begrenzen und &#8230;<\/p>\n","protected":false},"author":1,"featured_media":1345,"comment_status":"closed","ping_status":"open","sticky":false,"template":"","format":"standard","meta":{"footnotes":""},"categories":[14],"tags":[],"class_list":["post-1347","post","type-post","status-publish","format-standard","has-post-thumbnail","hentry","category-jagd"],"_links":{"self":[{"href":"https:\/\/www.hegeringcalenberg.de\/index.php?rest_route=\/wp\/v2\/posts\/1347","targetHints":{"allow":["GET"]}}],"collection":[{"href":"https:\/\/www.hegeringcalenberg.de\/index.php?rest_route=\/wp\/v2\/posts"}],"about":[{"href":"https:\/\/www.hegeringcalenberg.de\/index.php?rest_route=\/wp\/v2\/types\/post"}],"author":[{"embeddable":true,"href":"https:\/\/www.hegeringcalenberg.de\/index.php?rest_route=\/wp\/v2\/users\/1"}],"replies":[{"embeddable":true,"href":"https:\/\/www.hegeringcalenberg.de\/index.php?rest_route=%2Fwp%2Fv2%2Fcomments&post=1347"}],"version-history":[{"count":1,"href":"https:\/\/www.hegeringcalenberg.de\/index.php?rest_route=\/wp\/v2\/posts\/1347\/revisions"}],"predecessor-version":[{"id":1348,"href":"https:\/\/www.hegeringcalenberg.de\/index.php?rest_route=\/wp\/v2\/posts\/1347\/revisions\/1348"}],"wp:featuredmedia":[{"embeddable":true,"href":"https:\/\/www.hegeringcalenberg.de\/index.php?rest_route=\/wp\/v2\/media\/1345"}],"wp:attachment":[{"href":"https:\/\/www.hegeringcalenberg.de\/index.php?rest_route=%2Fwp%2Fv2%2Fmedia&parent=1347"}],"wp:term":[{"taxonomy":"category","embeddable":true,"href":"https:\/\/www.hegeringcalenberg.de\/index.php?rest_route=%2Fwp%2Fv2%2Fcategories&post=1347"},{"taxonomy":"post_tag","embeddable":true,"href":"https:\/\/www.hegeringcalenberg.de\/index.php?rest_route=%2Fwp%2Fv2%2Ftags&post=1347"}],"curies":[{"name":"wp","href":"https:\/\/api.w.org\/{rel}","templated":true}]}}