{"id":1300,"date":"2025-07-21T09:56:37","date_gmt":"2025-07-21T07:56:37","guid":{"rendered":"https:\/\/www.hegeringcalenberg.de\/?p=1300"},"modified":"2025-07-21T09:56:37","modified_gmt":"2025-07-21T07:56:37","slug":"grillabend-mit-besonderer-ehrung","status":"publish","type":"post","link":"https:\/\/www.hegeringcalenberg.de\/?p=1300","title":{"rendered":"Grillabend mit besonderer Ehrung"},"content":{"rendered":"<p>Mit Jagdhornkl\u00e4ngen wurden die Mitglieder und G\u00e4ste zum traditionellen Grillabend des Hegerings bei sommerlichen Temperaturen an der Schutzh\u00fctte im B\u00fcrgerholz begr\u00fc\u00dft. Paul-Eric und Kerstin Stolle versorgten, wie schon im vergangenen Jahr, mit ihrer \u201erollenden Grillstation\u201c sowie frischen Salaten und Beilagen die vielen hungrigen Teilnehmenden. In einer kurzen Ansprache dankte Hegeringleiter Bernward Wagner nicht nur den aktiven Mitgliedern, sondern auch den vielen stillen Helfern im Hintergrund f\u00fcr die geleistete Arbeit im letzten Jagdjahr. Zwei Hegeringmitglieder wurden an diesem Abend besonders geehrt: F\u00fcr seine treue 60-j\u00e4hrige Zugeh\u00f6rigkeit zur J\u00e4gerschaft erhielt Rolf Wilke (Ohlendorf) aus den H\u00e4nden von Wagner eine Urkunde mit Ehrennadel. Hans-Hermann Rodewald (Ihme-Roloven) wurde mit einer Urkunde und entsprechender Ehrennadel f\u00fcr seine langj\u00e4hrige 50-j\u00e4hrige Mitgliedschaft geehrt.<\/p>\n<figure id=\"attachment_1281\" aria-describedby=\"caption-attachment-1281\" style=\"width: 514px\" class=\"wp-caption aligncenter\"><img loading=\"lazy\" decoding=\"async\" class=\" wp-image-1281\" src=\"https:\/\/www.hegeringcalenberg.de\/wp-content\/uploads\/2025\/07\/Rolf-Wilke-li.-wurde-von-Hegeringleiter-Bernward-Wagner-fuer-seine-60-jaehrige-Mitgliedschaft-geehrt-768x1024.jpg\" alt=\"\" width=\"514\" height=\"685\" srcset=\"https:\/\/www.hegeringcalenberg.de\/wp-content\/uploads\/2025\/07\/Rolf-Wilke-li.-wurde-von-Hegeringleiter-Bernward-Wagner-fuer-seine-60-jaehrige-Mitgliedschaft-geehrt-768x1024.jpg 768w, https:\/\/www.hegeringcalenberg.de\/wp-content\/uploads\/2025\/07\/Rolf-Wilke-li.-wurde-von-Hegeringleiter-Bernward-Wagner-fuer-seine-60-jaehrige-Mitgliedschaft-geehrt-225x300.jpg 225w, https:\/\/www.hegeringcalenberg.de\/wp-content\/uploads\/2025\/07\/Rolf-Wilke-li.-wurde-von-Hegeringleiter-Bernward-Wagner-fuer-seine-60-jaehrige-Mitgliedschaft-geehrt-1152x1536.jpg 1152w, https:\/\/www.hegeringcalenberg.de\/wp-content\/uploads\/2025\/07\/Rolf-Wilke-li.-wurde-von-Hegeringleiter-Bernward-Wagner-fuer-seine-60-jaehrige-Mitgliedschaft-geehrt-1536x2048.jpg 1536w, https:\/\/www.hegeringcalenberg.de\/wp-content\/uploads\/2025\/07\/Rolf-Wilke-li.-wurde-von-Hegeringleiter-Bernward-Wagner-fuer-seine-60-jaehrige-Mitgliedschaft-geehrt-scaled.jpg 1920w\" sizes=\"auto, (max-width: 514px) 100vw, 514px\" \/><figcaption id=\"caption-attachment-1281\" class=\"wp-caption-text\">Rolf Wilke (li.) wurde von Hegeringleiter Bernward Wagner f\u00fcr seine 60-j\u00e4hrige Mitgliedschaft geehrt<\/figcaption><\/figure>\n<p>Der Hegering wird auch k\u00fcnftig bestrebt sein, diesen idyllischen Platz zum Wohle von Erholungssuchenden auf ehrenamtlicher Basis zu erhalten. In der Vergangenheit wurden so die massiven Sitzb\u00e4nke und der Tisch im Au\u00dfenbereich &#8211; finanziert durch Spenden und Beitr\u00e4ge &#8211; erneuert, die im Laufe der Jahre durch die steten Witterungseinfl\u00fcsse und Vandalismus stark in Mitleidenschaft gezogen wurden.<\/p>\n<p><em>Dieter Schmidt<\/em><\/p>\n","protected":false},"excerpt":{"rendered":"<p>Mit Jagdhornkl\u00e4ngen wurden die Mitglieder und G\u00e4ste zum traditionellen Grillabend des Hegerings bei sommerlichen Temperaturen an der Schutzh\u00fctte im B\u00fcrgerholz begr\u00fc\u00dft. Paul-Eric und Kerstin Stolle versorgten, wie schon im vergangenen &#8230;<\/p>\n","protected":false},"author":1,"featured_media":1282,"comment_status":"closed","ping_status":"open","sticky":false,"template":"","format":"standard","meta":{"footnotes":""},"categories":[15],"tags":[],"class_list":["post-1300","post","type-post","status-publish","format-standard","has-post-thumbnail","hentry","category-erfahrungsaustausch-und-geselliges"],"_links":{"self":[{"href":"https:\/\/www.hegeringcalenberg.de\/index.php?rest_route=\/wp\/v2\/posts\/1300","targetHints":{"allow":["GET"]}}],"collection":[{"href":"https:\/\/www.hegeringcalenberg.de\/index.php?rest_route=\/wp\/v2\/posts"}],"about":[{"href":"https:\/\/www.hegeringcalenberg.de\/index.php?rest_route=\/wp\/v2\/types\/post"}],"author":[{"embeddable":true,"href":"https:\/\/www.hegeringcalenberg.de\/index.php?rest_route=\/wp\/v2\/users\/1"}],"replies":[{"embeddable":true,"href":"https:\/\/www.hegeringcalenberg.de\/index.php?rest_route=%2Fwp%2Fv2%2Fcomments&post=1300"}],"version-history":[{"count":1,"href":"https:\/\/www.hegeringcalenberg.de\/index.php?rest_route=\/wp\/v2\/posts\/1300\/revisions"}],"predecessor-version":[{"id":1301,"href":"https:\/\/www.hegeringcalenberg.de\/index.php?rest_route=\/wp\/v2\/posts\/1300\/revisions\/1301"}],"wp:featuredmedia":[{"embeddable":true,"href":"https:\/\/www.hegeringcalenberg.de\/index.php?rest_route=\/wp\/v2\/media\/1282"}],"wp:attachment":[{"href":"https:\/\/www.hegeringcalenberg.de\/index.php?rest_route=%2Fwp%2Fv2%2Fmedia&parent=1300"}],"wp:term":[{"taxonomy":"category","embeddable":true,"href":"https:\/\/www.hegeringcalenberg.de\/index.php?rest_route=%2Fwp%2Fv2%2Fcategories&post=1300"},{"taxonomy":"post_tag","embeddable":true,"href":"https:\/\/www.hegeringcalenberg.de\/index.php?rest_route=%2Fwp%2Fv2%2Ftags&post=1300"}],"curies":[{"name":"wp","href":"https:\/\/api.w.org\/{rel}","templated":true}]}}