{"id":1298,"date":"2025-07-21T09:54:14","date_gmt":"2025-07-21T07:54:14","guid":{"rendered":"https:\/\/www.hegeringcalenberg.de\/?p=1298"},"modified":"2025-07-21T09:54:14","modified_gmt":"2025-07-21T07:54:14","slug":"landesmeisterschaft-2025","status":"publish","type":"post","link":"https:\/\/www.hegeringcalenberg.de\/?p=1298","title":{"rendered":"Landesmeisterschaft 2025"},"content":{"rendered":"<p>Bei der diesj\u00e4hrigen Landesmeisterschaft im jagdlichen Schie\u00dfen auf dem LJN-Schie\u00dfstand in Liebenau war der Hegering mit 7 Jagdsch\u00fctzen in den verschiedenen Altersklassen angetreten. An drei Tagen wurde bei sehr guten Wetterbedingungen nicht nur um ein gutes Mannschaftsergebnis, sondern auch um die Qualifikation f\u00fcr die Landesmeisterschaft in der Einzelwertung am 16.08.2025 gerungen. Bei knapp 70 startberechtigten Mannschaften konnten in diesem Jahr leider nur Pl\u00e4tze im Mittelfeld belegt werden. In der Seniorenklasse konnte die Mannschaft von Hannover-Land zumindest noch einen Platz unter den ersten 10 belegen. Zudem konnten sich einige unserer Jagdsch\u00fctzen f\u00fcr die Landesmeisterschaft in der Einzelwertung qualifizieren.<\/p>\n<figure id=\"attachment_1297\" aria-describedby=\"caption-attachment-1297\" style=\"width: 361px\" class=\"wp-caption aligncenter\"><img loading=\"lazy\" decoding=\"async\" class=\" wp-image-1297\" src=\"https:\/\/www.hegeringcalenberg.de\/wp-content\/uploads\/2025\/07\/Nicht-nur-unser-aeltester-sondern-auch-erfahrenster-Jagdschuetze-Heiner-Dortmund-auf-dem-Kugelstand-768x1024.jpg\" alt=\"\" width=\"361\" height=\"481\" \/><figcaption id=\"caption-attachment-1297\" class=\"wp-caption-text\">Nicht nur unser \u00e4ltester sondern auch erfahrenster Jagdsch\u00fctze Heiner Dortmund auf dem Kugelstand<\/figcaption><\/figure>\n<p>Eine \u00dcbersicht \u00fcber alle Ergebnisse der Kreismeisterschaft sind \u00fcber den folgenden Link abrufbar: <a href=\"http:\/\/www.ljn.de\">www.ljn.de<\/a><\/p>\n<p><em>Dieter Schmidt<\/em><\/p>\n","protected":false},"excerpt":{"rendered":"<p>Bei der diesj\u00e4hrigen Landesmeisterschaft im jagdlichen Schie\u00dfen auf dem LJN-Schie\u00dfstand in Liebenau war der Hegering mit 7 Jagdsch\u00fctzen in den verschiedenen Altersklassen angetreten. An drei Tagen wurde bei sehr guten &#8230;<\/p>\n","protected":false},"author":1,"featured_media":1297,"comment_status":"closed","ping_status":"open","sticky":false,"template":"","format":"standard","meta":{"footnotes":""},"categories":[6],"tags":[],"class_list":["post-1298","post","type-post","status-publish","format-standard","has-post-thumbnail","hentry","category-meisterschaft"],"_links":{"self":[{"href":"https:\/\/www.hegeringcalenberg.de\/index.php?rest_route=\/wp\/v2\/posts\/1298","targetHints":{"allow":["GET"]}}],"collection":[{"href":"https:\/\/www.hegeringcalenberg.de\/index.php?rest_route=\/wp\/v2\/posts"}],"about":[{"href":"https:\/\/www.hegeringcalenberg.de\/index.php?rest_route=\/wp\/v2\/types\/post"}],"author":[{"embeddable":true,"href":"https:\/\/www.hegeringcalenberg.de\/index.php?rest_route=\/wp\/v2\/users\/1"}],"replies":[{"embeddable":true,"href":"https:\/\/www.hegeringcalenberg.de\/index.php?rest_route=%2Fwp%2Fv2%2Fcomments&post=1298"}],"version-history":[{"count":1,"href":"https:\/\/www.hegeringcalenberg.de\/index.php?rest_route=\/wp\/v2\/posts\/1298\/revisions"}],"predecessor-version":[{"id":1299,"href":"https:\/\/www.hegeringcalenberg.de\/index.php?rest_route=\/wp\/v2\/posts\/1298\/revisions\/1299"}],"wp:featuredmedia":[{"embeddable":true,"href":"https:\/\/www.hegeringcalenberg.de\/index.php?rest_route=\/wp\/v2\/media\/1297"}],"wp:attachment":[{"href":"https:\/\/www.hegeringcalenberg.de\/index.php?rest_route=%2Fwp%2Fv2%2Fmedia&parent=1298"}],"wp:term":[{"taxonomy":"category","embeddable":true,"href":"https:\/\/www.hegeringcalenberg.de\/index.php?rest_route=%2Fwp%2Fv2%2Fcategories&post=1298"},{"taxonomy":"post_tag","embeddable":true,"href":"https:\/\/www.hegeringcalenberg.de\/index.php?rest_route=%2Fwp%2Fv2%2Ftags&post=1298"}],"curies":[{"name":"wp","href":"https:\/\/api.w.org\/{rel}","templated":true}]}}