{"id":1284,"date":"2025-07-21T09:43:16","date_gmt":"2025-07-21T07:43:16","guid":{"rendered":"https:\/\/www.hegeringcalenberg.de\/?p=1284"},"modified":"2025-07-21T09:43:31","modified_gmt":"2025-07-21T07:43:31","slug":"1284","status":"publish","type":"post","link":"https:\/\/www.hegeringcalenberg.de\/?p=1284","title":{"rendered":"Hegering Calenberg bei der Kreismeisterschaft 2025"},"content":{"rendered":"<p>Mit gleich 3 Mannschaften war der Hegering bei der diesj\u00e4hrigen Kreismeisterschaft im jagdlichen Schie\u00dfen der J\u00e4gerschaft Hannover-Land am 10.05.2025 in Schneeren vertreten. In der Gesamtwertung konnte Calenberg I bei sommerlichen Temperaturen in diesem Jahr nur den 2. Platz hinter der Mannschaft von Kirchwehren I belegen. Unsere Seniorenmannschaft verpasste einen Medaillenrang nur knapp und belegte den undankbaren 4. Platz gefolgt von Calenberg II, die den 5. Platz belegte.<\/p>\n<p><img loading=\"lazy\" decoding=\"async\" class=\"wp-image-1283 aligncenter\" src=\"https:\/\/www.hegeringcalenberg.de\/wp-content\/uploads\/2025\/07\/Auch-unser-Hegeringleiter-und-Kreisschiessobmann-Bernward-Wagner-li.-sowie-Kreisjaegermeister-Paul-Eric-Stolle-mitte-haben-um-die-Medaillen-gekaempft-1024x768.jpg\" alt=\"\" width=\"457\" height=\"343\" srcset=\"https:\/\/www.hegeringcalenberg.de\/wp-content\/uploads\/2025\/07\/Auch-unser-Hegeringleiter-und-Kreisschiessobmann-Bernward-Wagner-li.-sowie-Kreisjaegermeister-Paul-Eric-Stolle-mitte-haben-um-die-Medaillen-gekaempft-1024x768.jpg 1024w, https:\/\/www.hegeringcalenberg.de\/wp-content\/uploads\/2025\/07\/Auch-unser-Hegeringleiter-und-Kreisschiessobmann-Bernward-Wagner-li.-sowie-Kreisjaegermeister-Paul-Eric-Stolle-mitte-haben-um-die-Medaillen-gekaempft-300x225.jpg 300w, https:\/\/www.hegeringcalenberg.de\/wp-content\/uploads\/2025\/07\/Auch-unser-Hegeringleiter-und-Kreisschiessobmann-Bernward-Wagner-li.-sowie-Kreisjaegermeister-Paul-Eric-Stolle-mitte-haben-um-die-Medaillen-gekaempft-768x576.jpg 768w, https:\/\/www.hegeringcalenberg.de\/wp-content\/uploads\/2025\/07\/Auch-unser-Hegeringleiter-und-Kreisschiessobmann-Bernward-Wagner-li.-sowie-Kreisjaegermeister-Paul-Eric-Stolle-mitte-haben-um-die-Medaillen-gekaempft-1536x1152.jpg 1536w, https:\/\/www.hegeringcalenberg.de\/wp-content\/uploads\/2025\/07\/Auch-unser-Hegeringleiter-und-Kreisschiessobmann-Bernward-Wagner-li.-sowie-Kreisjaegermeister-Paul-Eric-Stolle-mitte-haben-um-die-Medaillen-gekaempft-2048x1536.jpg 2048w\" sizes=\"auto, (max-width: 457px) 100vw, 457px\" \/><\/p>\n<p>Aber auch in den Einzelwertungen konnten die Jagdsch\u00fctzen aus Calenberg mit guten Platzierungen \u00fcberzeugen: In der Seniorengesamtwertung belegte Dieter Schmidt den 2. Platz gefolgt von Ralf Fricke auf dem 3. Platz. In der Einzeldisziplin \u201eKugel\u201c konnte Steffen Wagner den 2. Platz belegen, einen 2. Platz gab es auch f\u00fcr Daniel Franz auf den sog. \u201eSchweinepokal\u201c. Paul V\u00f6lksen belegte einen 2. Platz beim \u201eJungj\u00e4gerpokal\u201c und einen 3. Platz in der Juniorenwertung. Der 2. Platz in der Einzelwertung \u201eDamen\u201c ging an Sandra Gosslar vor Kerstin Stolle auf Platz 3. Eine \u00dcbersicht \u00fcber alle Ergebnisse von der Kreismeisterschaft finden Sie \u00fcber den folgenden Link: <a href=\"https:\/\/www.hegeringcalenberg.de\/?page_id=204\" target=\"_blank\" rel=\"noopener\">Meisterschaftsergebnisse<\/a><\/p>\n<p>Damit z\u00e4hlen die Jagdsch\u00fctzinnen und Jagdsch\u00fctzen des Hegerings mit zu den erfolgreichsten der J\u00e4gerschaft. Schie\u00dfobmann Fricke zeigte sich in der Gesamtschau sehr zufrieden. Auch wenn es f\u00fcr erste Pl\u00e4tze nicht ganz gereicht hat, konnte der Hegering Calenberg wie schon in den Vorjahren mit sehr guten Ergebnissen aufwarten. Die Jagdsch\u00fctzinnen und \u2013sch\u00fctzen des Hegerings haben damit einmal mehr unter Beweis gestellt, dass sie mit ihrer Treffsicherheit f\u00fcr den waidgerechten Einsatz von B\u00fcchse und Flinte gut vorbereitet sind. Erfreulich ist daher auch die hohe Beteiligung des Hegerings an der Kreismeisterschaft.<\/p>\n<p><em>Dieter Schmidt<\/em><\/p>\n","protected":false},"excerpt":{"rendered":"<p>Mit gleich 3 Mannschaften war der Hegering bei der diesj\u00e4hrigen Kreismeisterschaft im jagdlichen Schie\u00dfen der J\u00e4gerschaft Hannover-Land am 10.05.2025 in Schneeren vertreten. In der Gesamtwertung konnte Calenberg I bei sommerlichen &#8230;<\/p>\n","protected":false},"author":1,"featured_media":1283,"comment_status":"closed","ping_status":"open","sticky":false,"template":"","format":"standard","meta":{"footnotes":""},"categories":[6],"tags":[],"class_list":["post-1284","post","type-post","status-publish","format-standard","has-post-thumbnail","hentry","category-meisterschaft"],"_links":{"self":[{"href":"https:\/\/www.hegeringcalenberg.de\/index.php?rest_route=\/wp\/v2\/posts\/1284","targetHints":{"allow":["GET"]}}],"collection":[{"href":"https:\/\/www.hegeringcalenberg.de\/index.php?rest_route=\/wp\/v2\/posts"}],"about":[{"href":"https:\/\/www.hegeringcalenberg.de\/index.php?rest_route=\/wp\/v2\/types\/post"}],"author":[{"embeddable":true,"href":"https:\/\/www.hegeringcalenberg.de\/index.php?rest_route=\/wp\/v2\/users\/1"}],"replies":[{"embeddable":true,"href":"https:\/\/www.hegeringcalenberg.de\/index.php?rest_route=%2Fwp%2Fv2%2Fcomments&post=1284"}],"version-history":[{"count":2,"href":"https:\/\/www.hegeringcalenberg.de\/index.php?rest_route=\/wp\/v2\/posts\/1284\/revisions"}],"predecessor-version":[{"id":1286,"href":"https:\/\/www.hegeringcalenberg.de\/index.php?rest_route=\/wp\/v2\/posts\/1284\/revisions\/1286"}],"wp:featuredmedia":[{"embeddable":true,"href":"https:\/\/www.hegeringcalenberg.de\/index.php?rest_route=\/wp\/v2\/media\/1283"}],"wp:attachment":[{"href":"https:\/\/www.hegeringcalenberg.de\/index.php?rest_route=%2Fwp%2Fv2%2Fmedia&parent=1284"}],"wp:term":[{"taxonomy":"category","embeddable":true,"href":"https:\/\/www.hegeringcalenberg.de\/index.php?rest_route=%2Fwp%2Fv2%2Fcategories&post=1284"},{"taxonomy":"post_tag","embeddable":true,"href":"https:\/\/www.hegeringcalenberg.de\/index.php?rest_route=%2Fwp%2Fv2%2Ftags&post=1284"}],"curies":[{"name":"wp","href":"https:\/\/api.w.org\/{rel}","templated":true}]}}